{"id":61,"date":"2015-04-29T17:14:54","date_gmt":"2015-04-29T16:14:54","guid":{"rendered":"http:\/\/www.agempem.org\/?p=61"},"modified":"2018-01-02T13:48:23","modified_gmt":"2018-01-02T12:48:23","slug":"mots-du-nouveau-president-du-cnj-agempem","status":"publish","type":"post","link":"https:\/\/www.agempem.org\/?p=61","title":{"rendered":"MOTS DU NOUVEAU PR\u00c9SIDENT DU CNJ-AGEMPEM"},"content":{"rendered":"<p>Biens aim\u00e9s fr\u00e8res et s\u0153urs en Christ. C&rsquo;est un privil\u00e8ge pour moi de m\u2019adresser \u00e0 vous en tant que Pr\u00e9sident du Bureau Ex\u00e9cutif (BE) du Conseil National des Jeunes de l\u2019AGEMPEM (CNJ-AGEMPEM). En effet \u00e0 l\u2019issue de l\u2019Assembl\u00e9e G\u00e9n\u00e9rale \u00e9lective du CNJ-AGEMPEM, du 10 janvier 2015 \u00e0 la FATMES \u00e0 Niamakoro, le Seigneur a voulu nous utiliser pour le servir pour \u00eatre vos serviteurs au sein du BE du CNJ-AGEMPEM.<\/p>\n<p>La composition du bureau est le suivant\u00a0:<\/p>\n<table width=\"100%\">\n<tbody>\n<tr>\n<td width=\"33%\"><strong>Poste<\/strong><\/td>\n<td width=\"41%\"><strong>Pr\u00e9nom et Nom<\/strong><\/td>\n<td width=\"24%\"><strong>D\u00e9nomination<\/strong><\/td>\n<\/tr>\n<tr>\n<td width=\"33%\">Pr\u00e9sident<\/td>\n<td width=\"41%\">Dr Yacouba DIALLO<\/td>\n<td width=\"24%\">ECEM<\/td>\n<\/tr>\n<tr>\n<td width=\"33%\">Vice Pr\u00e9sident<\/td>\n<td width=\"41%\">Mr Timoth\u00e9 POUDIOUGO<\/td>\n<td width=\"24%\">FEEBM<\/td>\n<\/tr>\n<tr>\n<td width=\"33%\">Secr\u00e9taire Administratif<\/td>\n<td width=\"41%\">Mr David TOGO<\/td>\n<td width=\"24%\">ECEM<\/td>\n<\/tr>\n<tr>\n<td width=\"33%\">Tr\u00e9sorier<\/td>\n<td width=\"41%\">Mr Kousse THERA<\/td>\n<td width=\"24%\">EEPM<\/td>\n<\/tr>\n<tr>\n<td width=\"33%\">Tr\u00e9sorier Adjoint<\/td>\n<td width=\"41%\">Mr Elie POUDIOUGOU<\/td>\n<td width=\"24%\">UEPEM<\/td>\n<\/tr>\n<tr>\n<td width=\"33%\">Secr\u00e9taire aux Relations Ext\u00e9rieures<\/td>\n<td width=\"41%\">Mr Youssouf DIALLO<\/td>\n<td width=\"24%\">EEADM<\/td>\n<\/tr>\n<tr>\n<td width=\"33%\">Secr\u00e9taire \u00e0 l&rsquo;organisation<\/td>\n<td width=\"41%\">Mr Binjamin SANOGO<\/td>\n<td width=\"24%\">EEPM<\/td>\n<\/tr>\n<tr>\n<td width=\"33%\">Secr\u00e9taire \u00e0 l&rsquo;organisation Adjointe<\/td>\n<td width=\"41%\">Mlle Bernadette TRAORE<\/td>\n<td width=\"24%\">ECEM<\/td>\n<\/tr>\n<tr>\n<td width=\"33%\">Secr\u00e9taire \u00e0 l&rsquo;information<\/td>\n<td width=\"41%\">Mr Timoth\u00e9 KEITA<\/td>\n<td width=\"24%\">EEPM<\/td>\n<\/tr>\n<\/tbody>\n<\/table>\n<p>Si le Seigneur a voulu nous utiliser l\u00e0, ce n\u2019est nullement un m\u00e9rite, ou un sujet de gloire personnel, \u2018\u2019Nous sommes ses vases et lui le potier\u2019\u2019, c&rsquo;est pourquoi nous sommes heureux d&rsquo;\u00eatre \u00e0 votre service. Notre pri\u00e8re est qu\u2019il nous donne la sagesse et l\u2019\u00e9quipement n\u00e9cessaire pour le servir efficacement.<\/p>\n<p>Mes chers fr\u00e8res et s\u0153urs, l\u2019\u00e9glise fait face \u00e0 de nombreux d\u00e9fis aujourd\u2019hui et certainement demain. Au nombre de ces d\u00e9fis\u00a0: <strong>la cons\u00e9cration,<\/strong> comme lui-m\u00eame nous en avait averti <em>\u2018\u2019quand le fils de l\u2019homme viendra, trouvera t\u2019il la foi sur la terre\u2019\u2019 <strong>Luc 18:8b.<\/strong><\/em><\/p>\n<p>De nos jours, le retour \u00e0 la Parole de Dieu est une \u00e9tape essentielle pour relever ces d\u00e9fis. M\u00e9dite AGEMPEM est un outil destin\u00e9 \u00e0 aider dans cette t\u00e2che de formation. C\u2019est un forum d\u2019\u00e9change autour de la Parole de Dieu. Nous souhaiterons vivement que toutes les r\u00e9flexions soient fond\u00e9es sur la Parole de Dieu. Les commentaires, doivent \u00eatre soutenus par une parole de l\u2019\u00e9criture.<\/p>\n<p>En m\u2019appuyant sur \u00ab\u00a0<strong><em>Gen\u00e8se, 11:1<\/em><\/strong><em> &#8211; Toute la terre avait une seule langue et les m<\/em><em>\u00ea<\/em><em>mes mots<\/em>\u00a0\u00bb je voudrais inviter chacun \u00e0 cultiver un esprit d&rsquo;unit\u00e9 au sein du CNJ-AGEMPEM, car uni \u00ab\u00a0m\u00eame l\u2019Eternel s&rsquo;inqui\u00e8te\u00a0\u00bb. \u00ab\u00a0<strong><em>Gen\u00e8se, 11:6. <\/em><\/strong><em>Et l`\u00c9ternel dit: Voici, ils forment un seul peuple et ont tous une m<\/em><em>\u00ea<\/em><em>me langue, et c`est l<\/em><em>\u00e0<\/em><em> ce qu`ils ont entrepris; maintenant rien ne les emp\u00eacherait de faire tout ce qu`ils auraient projet<\/em><em>\u00e9<\/em>\u00ab\u00a0. Si les hommes peuvent s\u2019unir autour de projet malsain, comme la construction d\u2019une tour \u00e0 \u2018\u2019Babel\u2019\u2019 d\u00e9fiant ainsi Dieu en d\u00e9sob\u00e9issance \u00e0 son premier commandement \u00e0 Adam et \u00e0 sa Femme Eve \u2018<em>\u2019Multipliez vous et remplissez la terre<\/em>\u2019\u2019<strong><em> Gen\u00e8se, 1:28<\/em><\/strong>, pourquoi les enfants de Dieu ne peuvent-ils pas s\u2019unir autour de projets qui le glorifie? Alors mobilisons nous la construction d\u2019une jeunesse <strong><em>\u2018\u2019Unie et active au Mali\u2019\u2019.<\/em><\/strong><\/p>\n<p>Chacun est indispensable dans la\u00a0 construction de cette jeunesse unie, solide et efficace capable de transformer le Mali. Que personne ne se mette en marge, chacun a un r\u00f4le \u00e0 jouer. Votre BE du CNJ-AGEMPEM attend vos propositions et suggestions mais surtout v\u00f4tre mobilisation derri\u00e8re lui.<\/p>\n<p><strong><em>\u2018\u2019Ensemble nous sommes plus que vainqueur avec Christ\u2019\u2019.<\/em><\/strong><\/p>\n<p>Que Dieu vous b\u00e9nisse richement en Christ.<\/p>\n<p><strong>Dr Yacouba DIALLO<br \/>\n<\/strong>H\u00e9matologue\/Chercheur<br \/>\n<strong>Pr\u00e9sident BE-CNJ-AGEMPEM.<\/strong><\/p>\n","protected":false},"excerpt":{"rendered":"<p>Biens aim\u00e9s fr\u00e8res et s\u0153urs en Christ. C&rsquo;est un privil\u00e8ge pour moi de m\u2019adresser \u00e0 vous en tant que Pr\u00e9sident du Bureau Ex\u00e9cutif (BE) du Conseil National des Jeunes de <a class=\"more-link\" href=\"https:\/\/www.agempem.org\/?p=61\">Lire la suite &rarr;<\/a><\/p>\n","protected":false},"author":1,"featured_media":0,"comment_status":"closed","ping_status":"open","sticky":false,"template":"","format":"standard","meta":{"footnotes":""},"categories":[2],"tags":[25,24,23],"jetpack_featured_media_url":"","_links":{"self":[{"href":"https:\/\/www.agempem.org\/index.php?rest_route=\/wp\/v2\/posts\/61"}],"collection":[{"href":"https:\/\/www.agempem.org\/index.php?rest_route=\/wp\/v2\/posts"}],"about":[{"href":"https:\/\/www.agempem.org\/index.php?rest_route=\/wp\/v2\/types\/post"}],"author":[{"embeddable":true,"href":"https:\/\/www.agempem.org\/index.php?rest_route=\/wp\/v2\/users\/1"}],"replies":[{"embeddable":true,"href":"https:\/\/www.agempem.org\/index.php?rest_route=%2Fwp%2Fv2%2Fcomments&post=61"}],"version-history":[{"count":2,"href":"https:\/\/www.agempem.org\/index.php?rest_route=\/wp\/v2\/posts\/61\/revisions"}],"predecessor-version":[{"id":63,"href":"https:\/\/www.agempem.org\/index.php?rest_route=\/wp\/v2\/posts\/61\/revisions\/63"}],"wp:attachment":[{"href":"https:\/\/www.agempem.org\/index.php?rest_route=%2Fwp%2Fv2%2Fmedia&parent=61"}],"wp:term":[{"taxonomy":"category","embeddable":true,"href":"https:\/\/www.agempem.org\/index.php?rest_route=%2Fwp%2Fv2%2Fcategories&post=61"},{"taxonomy":"post_tag","embeddable":true,"href":"https:\/\/www.agempem.org\/index.php?rest_route=%2Fwp%2Fv2%2Ftags&post=61"}],"curies":[{"name":"wp","href":"https:\/\/api.w.org\/{rel}","templated":true}]}}